{"id":1355,"date":"2024-11-20T18:00:00","date_gmt":"2024-11-20T17:00:00","guid":{"rendered":"https:\/\/podkarpackalewica.pl\/?p=1355"},"modified":"2024-11-21T12:11:34","modified_gmt":"2024-11-21T11:11:34","slug":"tarcza-energetyczna-na-2025-rok","status":"publish","type":"post","link":"https:\/\/podkarpackalewica.pl\/index.php\/2024\/11\/20\/tarcza-energetyczna-na-2025-rok\/","title":{"rendered":"Tarcza energetyczna na 2025 rok!"},"content":{"rendered":"\n<p><\/p>\n\n\n\n<p> <img loading=\"lazy\" decoding=\"async\" height=\"16\" width=\"16\" src=\"https:\/\/static.xx.fbcdn.net\/images\/emoji.php\/v9\/t5d\/1\/16\/26a1.png\" alt=\"\u26a1\ufe0f\"> Ceny energii to jeden z najwa\u017cniejszych problem\u00f3w polskich rodzin \u2013 mamy najdro\u017cszy pr\u0105d w Europie, co wp\u0142ywa na codzienne \u017cycie i bud\u017cety domowe.<\/p>\n\n\n\n<p>Walka z ub\u00f3stwem to dzi\u015b walka z wysokimi rachunkami za pr\u0105d, dlatego Lewica w rz\u0105dzie od pocz\u0105tku walczy o wprowadzenie tarczy energetycznej. Musimy chroni\u0107 polskie rodziny przed zbyt wysokimi cenami energii.<\/p>\n\n\n\n<p><a><\/a>Teraz pracujemy nad jak najlepszymi mechanizmami w ustawie, aby pom\u00f3c Polkom i Polakom w trakcie kryzysu.<\/p>\n\n\n\n<p><img loading=\"lazy\" decoding=\"async\" height=\"16\" width=\"16\" src=\"https:\/\/static.xx.fbcdn.net\/images\/emoji.php\/v9\/t3a\/1\/16\/1f6e1.png\" alt=\"\ud83d\udee1\ufe0f\"> Tarcza energetyczna to \u015brodek tymczasowy, rozwi\u0105zanie problemu le\u017cy w sprawiedliwej transformacji energetycznej. Przysz\u0142o\u015b\u0107 to miks atomu i OZE, czyli tania, czysta i polska energia! Razem zbudujemy sprawiedliwy system energetyczny! <img loading=\"lazy\" decoding=\"async\" height=\"16\" width=\"16\" src=\"https:\/\/static.xx.fbcdn.net\/images\/emoji.php\/v9\/t64\/1\/16\/1f91d.png\" alt=\"\ud83e\udd1d\"><\/p>\n\n\n\n<p><a href=\"https:\/\/www.facebook.com\/hashtag\/lewica?__eep__=6&amp;__cft__[0]=AZVoHrX_w09RZN8qyI5Q_LYZZ-WpEBizVJbIVy6KaFF5zQnJwVMym00eJTNkWvWQ02mqEsmcHpTgc7NB6j_T2u3vFbSTKC2T7Pz_kkfj1KzLrtNA8o49EmgD-wALWPPlAP8uQziW6XN_arpMuJEDFDaLr9miljnRVuX_0h-tdDOvz847yHUxYQ4x0jMSMGOMD5o&amp;__tn__=*NK-R\">#Lewica<\/a><a href=\"https:\/\/www.facebook.com\/hashtag\/tarczaenergetyczna?__eep__=6&amp;__cft__[0]=AZVoHrX_w09RZN8qyI5Q_LYZZ-WpEBizVJbIVy6KaFF5zQnJwVMym00eJTNkWvWQ02mqEsmcHpTgc7NB6j_T2u3vFbSTKC2T7Pz_kkfj1KzLrtNA8o49EmgD-wALWPPlAP8uQziW6XN_arpMuJEDFDaLr9miljnRVuX_0h-tdDOvz847yHUxYQ4x0jMSMGOMD5o&amp;__tn__=*NK-R\"> <\/a><a href=\"https:\/\/www.facebook.com\/hashtag\/tarczaenergetyczna?__eep__=6&amp;__cft__[0]=AZVoHrX_w09RZN8qyI5Q_LYZZ-WpEBizVJbIVy6KaFF5zQnJwVMym00eJTNkWvWQ02mqEsmcHpTgc7NB6j_T2u3vFbSTKC2T7Pz_kkfj1KzLrtNA8o49EmgD-wALWPPlAP8uQziW6XN_arpMuJEDFDaLr9miljnRVuX_0h-tdDOvz847yHUxYQ4x0jMSMGOMD5o&amp;__tn__=*NK-R\">#TarczaEnergetyczna<\/a><\/p>\n\n\n\n<figure class=\"wp-block-image size-large\"><img decoding=\"async\" src=\"https:\/\/podkarpackalewica.pl\/wp-content\/uploads\/2024\/11\/tarcza-energetyczna-819x1024.jpg\" alt=\"\" class=\"wp-image-1356\"\/><\/figure>\n","protected":false},"excerpt":{"rendered":"<p>Ceny energii to jeden z najwa\u017cniejszych problem\u00f3w polskich rodzin \u2013 mamy najdro\u017cszy pr\u0105d w Europie, co wp\u0142ywa na codzienne \u017cycie<\/p>\n","protected":false},"author":3,"featured_media":1356,"comment_status":"open","ping_status":"open","sticky":false,"template":"","format":"standard","meta":{"colormag_page_layout":"default_layout","footnotes":""},"categories":[9],"tags":[],"class_list":["post-1355","post","type-post","status-publish","format-standard","has-post-thumbnail","hentry","category-dzialania-krajowe"],"_links":{"self":[{"href":"https:\/\/podkarpackalewica.pl\/index.php\/wp-json\/wp\/v2\/posts\/1355","targetHints":{"allow":["GET"]}}],"collection":[{"href":"https:\/\/podkarpackalewica.pl\/index.php\/wp-json\/wp\/v2\/posts"}],"about":[{"href":"https:\/\/podkarpackalewica.pl\/index.php\/wp-json\/wp\/v2\/types\/post"}],"author":[{"embeddable":true,"href":"https:\/\/podkarpackalewica.pl\/index.php\/wp-json\/wp\/v2\/users\/3"}],"replies":[{"embeddable":true,"href":"https:\/\/podkarpackalewica.pl\/index.php\/wp-json\/wp\/v2\/comments?post=1355"}],"version-history":[{"count":1,"href":"https:\/\/podkarpackalewica.pl\/index.php\/wp-json\/wp\/v2\/posts\/1355\/revisions"}],"predecessor-version":[{"id":1357,"href":"https:\/\/podkarpackalewica.pl\/index.php\/wp-json\/wp\/v2\/posts\/1355\/revisions\/1357"}],"wp:featuredmedia":[{"embeddable":true,"href":"https:\/\/podkarpackalewica.pl\/index.php\/wp-json\/wp\/v2\/media\/1356"}],"wp:attachment":[{"href":"https:\/\/podkarpackalewica.pl\/index.php\/wp-json\/wp\/v2\/media?parent=1355"}],"wp:term":[{"taxonomy":"category","embeddable":true,"href":"https:\/\/podkarpackalewica.pl\/index.php\/wp-json\/wp\/v2\/categories?post=1355"},{"taxonomy":"post_tag","embeddable":true,"href":"https:\/\/podkarpackalewica.pl\/index.php\/wp-json\/wp\/v2\/tags?post=1355"}],"curies":[{"name":"wp","href":"https:\/\/api.w.org\/{rel}","templated":true}]}}