{"id":1467,"date":"2025-02-24T14:49:42","date_gmt":"2025-02-24T13:49:42","guid":{"rendered":"https:\/\/podkarpackalewica.pl\/?p=1467"},"modified":"2025-02-24T14:49:42","modified_gmt":"2025-02-24T13:49:42","slug":"spotkanie-upamietniajace-120-rocznice-urodzin-wladyslawa-gomulki-w-krosnie","status":"publish","type":"post","link":"https:\/\/podkarpackalewica.pl\/index.php\/2025\/02\/24\/spotkanie-upamietniajace-120-rocznice-urodzin-wladyslawa-gomulki-w-krosnie\/","title":{"rendered":"Spotkanie upami\u0119tniaj\u0105ce 120. rocznic\u0119 urodzin W\u0142adys\u0142awa Gomu\u0142ki w Kro\u015bnie"},"content":{"rendered":"\n<p>6 lutego 2025 roku kro\u015bnie\u0144skie ko\u0142o Stowarzyszenia POKOLENIA zorganizowa\u0142o uroczyste spotkanie po\u015bwi\u0119cone 120. rocznicy urodzin W\u0142adys\u0142awa Gomu\u0142ki \u2013 wa\u017cnej postaci historycznej, kt\u00f3ra przysz\u0142a na \u015bwiat w podkro\u015bnie\u0144skich Bia\u0142obrzegach (dzi\u015b dzielnicy Krosna).<\/p>\n\n\n\n<p>Podczas wydarzenia przypomniano kluczowe momenty z \u017cycia W\u0142adys\u0142awa Gomu\u0142ki, jego wk\u0142ad w powojenn\u0105 odbudow\u0119 Polski oraz skomplikowan\u0105 rol\u0119, jak\u0105 odegra\u0142 na arenie politycznej. Jak podkre\u015bli\u0142 Zbigniew Braja, witaj\u0105c go\u015bci w imieniu organizator\u00f3w, posta\u0107 Gomu\u0142ki zas\u0142uguje na pami\u0119\u0107 zar\u00f3wno ze wzgl\u0119du na dokonania, jak i kontrowersje, kt\u00f3re wzbudza\u0142a jego polityka.<\/p>\n\n\n\n<p>Centralnym punktem spotkania by\u0142 wyk\u0142ad Adama Krzanowskiego pt. \u201ePrzegrana gra, s\u0142odko-gorzki smak w\u0142adzy W\u0142adys\u0142aw Gomu\u0142ka \u201eWies\u0142aw\u201d w sto dwudziest\u0105 rocznic\u0119 urodzin\u201d. Autor opracowania ukaza\u0142 z\u0142o\u017cono\u015b\u0107 postaci W\u0142adys\u0142awa Gomu\u0142ki, podkre\u015blaj\u0105c, \u017ce pomimo niejednoznacznej oceny historycznej, bezsprzeczny pozostaje jego wp\u0142yw na histori\u0119 Polski po II wojnie \u015bwiatowej. Krzanowski zaznaczy\u0142, \u017ce ostateczna, obiektywna ocena dzia\u0142alno\u015bci Gomu\u0142ki wymaga dalszych bada\u0144 \u017ar\u00f3d\u0142owych i dost\u0119pu do pe\u0142niejszych archiw\u00f3w polskich oraz radzieckich.<\/p>\n\n\n\n<p>G\u0142os zabrali r\u00f3wnie\u017c inni uczestnicy spotkania, m.in. Wies\u0142aw Pajda, przewodnicz\u0105cy Rady Wojew\u00f3dzkiej Stowarzyszenia POKOLENIA w Rzeszowie, kt\u00f3ry podkre\u015bli\u0142 znaczenie lokalnego dziedzictwa i potrzeb\u0119 pami\u0119ci o wybitnych rodakach. Pajda wskaza\u0142, \u017ce Gomu\u0142ka, mimo kontrowersji, by\u0142 cz\u0142owiekiem swoich czas\u00f3w, kt\u00f3ry pr\u00f3bowa\u0142 godzi\u0107 interesy narodowe z naciskami zewn\u0119trznymi, podejmuj\u0105c decyzje uznawane cz\u0119sto za \u201emniejsze z\u0142o\u201d. Wskaza\u0142 tak\u017ce na znaczenie jego negocjacji ze Stalinem i Chruszczowem, kt\u00f3re by\u0142y kluczowe dla ustalenia granic Polski i zapewnienia jej pewnej autonomii w trudnych warunkach geopolitycznych.<\/p>\n\n\n\n<p>Na zako\u0144czenie Sebastian Szelc, przewodnicz\u0105cy Zarz\u0105du Powiatowego Stowarzyszenia POKOLENIA w Kro\u015bnie, podzi\u0119kowa\u0142 Adamowi Krzanowskiemu oraz wszystkim zaanga\u017cowanym w przygotowanie spotkania, zaznaczaj\u0105c, jak wa\u017cne jest podejmowanie takich inicjatyw w celu zachowania pami\u0119ci historycznej.<\/p>\n\n\n\n<p>Spotkanie zgromadzi\u0142o wielu znamienitych go\u015bci, w tym lokalnych samorz\u0105dowc\u00f3w, przedstawicieli \u015brodowisk akademickich oraz cz\u0142onk\u00f3w Stowarzyszenia z r\u00f3\u017cnych region\u00f3w Podkarpacia.<\/p>\n\n\n\n<p>Serdecznie dzi\u0119kujemy za udzia\u0142 wszystkim uczestnikom i liczymy, \u017ce kolejne spotkania przyczyni\u0105 si\u0119 do jeszcze g\u0142\u0119bszego zrozumienia historii naszego kraju oraz regionu!<\/p>\n\n\n\n<p>Poni\u017cej link do publikacji<\/p>\n\n\n\n<div data-wp-interactive=\"core\/file\" class=\"wp-block-file\"><object data-wp-bind--hidden=\"!state.hasPdfPreview\" hidden class=\"wp-block-file__embed\" data=\"https:\/\/podkarpackalewica.pl\/wp-content\/uploads\/2025\/02\/2_A.Krzanowski-Przegrana-gra-slodko-gorzki-smak-wladzy.W_Gomulka.pdf\" type=\"application\/pdf\" style=\"width:100%;height:600px\" aria-label=\"Osadzone z 2_A.Krzanowski-Przegrana gra, s\u0142odko-gorzki smak w\u0142adzy...W_Gomulka.\"><\/object><a id=\"wp-block-file--media-719102c1-c118-4f14-823c-463d1e269010\" href=\"https:\/\/podkarpackalewica.pl\/wp-content\/uploads\/2025\/02\/2_A.Krzanowski-Przegrana-gra-slodko-gorzki-smak-wladzy.W_Gomulka.pdf\">2_A.Krzanowski-Przegrana gra, s\u0142odko-gorzki smak w\u0142adzy&#8230;W_Gomulka<\/a><a href=\"https:\/\/podkarpackalewica.pl\/wp-content\/uploads\/2025\/02\/2_A.Krzanowski-Przegrana-gra-slodko-gorzki-smak-wladzy.W_Gomulka.pdf\" class=\"wp-block-file__button wp-element-button\" download aria-describedby=\"wp-block-file--media-719102c1-c118-4f14-823c-463d1e269010\">Pobierz<\/a><\/div>\n\n\n\n<figure class=\"wp-block-gallery has-nested-images columns-default is-cropped wp-block-gallery-1 is-layout-flex wp-block-gallery-is-layout-flex\">\n<figure class=\"wp-block-image size-large\"><img loading=\"lazy\" decoding=\"async\" width=\"1000\" height=\"750\" data-id=\"1472\" src=\"https:\/\/podkarpackalewica.pl\/wp-content\/uploads\/2025\/02\/476238579_1045955100891925_837986258531576896_n.jpg\" alt=\"\" class=\"wp-image-1472\" srcset=\"https:\/\/podkarpackalewica.pl\/wp-content\/uploads\/2025\/02\/476238579_1045955100891925_837986258531576896_n.jpg 1000w, https:\/\/podkarpackalewica.pl\/wp-content\/uploads\/2025\/02\/476238579_1045955100891925_837986258531576896_n-300x225.jpg 300w, https:\/\/podkarpackalewica.pl\/wp-content\/uploads\/2025\/02\/476238579_1045955100891925_837986258531576896_n-768x576.jpg 768w\" sizes=\"auto, (max-width: 1000px) 100vw, 1000px\" \/><\/figure>\n\n\n\n<figure class=\"wp-block-image size-large\"><img loading=\"lazy\" decoding=\"async\" width=\"1024\" height=\"769\" data-id=\"1473\" src=\"https:\/\/podkarpackalewica.pl\/wp-content\/uploads\/2025\/02\/476154096_1045955390891896_7548882413033963794_n-1024x769.jpg\" alt=\"\" class=\"wp-image-1473\" srcset=\"https:\/\/podkarpackalewica.pl\/wp-content\/uploads\/2025\/02\/476154096_1045955390891896_7548882413033963794_n-1024x769.jpg 1024w, https:\/\/podkarpackalewica.pl\/wp-content\/uploads\/2025\/02\/476154096_1045955390891896_7548882413033963794_n-300x225.jpg 300w, https:\/\/podkarpackalewica.pl\/wp-content\/uploads\/2025\/02\/476154096_1045955390891896_7548882413033963794_n-768x577.jpg 768w, https:\/\/podkarpackalewica.pl\/wp-content\/uploads\/2025\/02\/476154096_1045955390891896_7548882413033963794_n-1536x1154.jpg 1536w, https:\/\/podkarpackalewica.pl\/wp-content\/uploads\/2025\/02\/476154096_1045955390891896_7548882413033963794_n.jpg 2048w\" sizes=\"auto, (max-width: 1024px) 100vw, 1024px\" \/><\/figure>\n\n\n\n<figure class=\"wp-block-image size-large\"><img loading=\"lazy\" decoding=\"async\" width=\"1024\" height=\"769\" data-id=\"1474\" src=\"https:\/\/podkarpackalewica.pl\/wp-content\/uploads\/2025\/02\/476231716_1045955414225227_6195876271491717203_n-1024x769.jpg\" alt=\"\" class=\"wp-image-1474\" srcset=\"https:\/\/podkarpackalewica.pl\/wp-content\/uploads\/2025\/02\/476231716_1045955414225227_6195876271491717203_n-1024x769.jpg 1024w, https:\/\/podkarpackalewica.pl\/wp-content\/uploads\/2025\/02\/476231716_1045955414225227_6195876271491717203_n-300x225.jpg 300w, https:\/\/podkarpackalewica.pl\/wp-content\/uploads\/2025\/02\/476231716_1045955414225227_6195876271491717203_n-768x577.jpg 768w, https:\/\/podkarpackalewica.pl\/wp-content\/uploads\/2025\/02\/476231716_1045955414225227_6195876271491717203_n-1536x1154.jpg 1536w, https:\/\/podkarpackalewica.pl\/wp-content\/uploads\/2025\/02\/476231716_1045955414225227_6195876271491717203_n.jpg 2048w\" sizes=\"auto, (max-width: 1024px) 100vw, 1024px\" \/><\/figure>\n\n\n\n<figure class=\"wp-block-image size-large\"><img loading=\"lazy\" decoding=\"async\" width=\"700\" height=\"1024\" data-id=\"1475\" src=\"https:\/\/podkarpackalewica.pl\/wp-content\/uploads\/2025\/02\/Zrzut-ekranu-2025-02-24-o-14.47.49-700x1024.png\" alt=\"\" class=\"wp-image-1475\" srcset=\"https:\/\/podkarpackalewica.pl\/wp-content\/uploads\/2025\/02\/Zrzut-ekranu-2025-02-24-o-14.47.49-700x1024.png 700w, https:\/\/podkarpackalewica.pl\/wp-content\/uploads\/2025\/02\/Zrzut-ekranu-2025-02-24-o-14.47.49-205x300.png 205w, https:\/\/podkarpackalewica.pl\/wp-content\/uploads\/2025\/02\/Zrzut-ekranu-2025-02-24-o-14.47.49-768x1124.png 768w, https:\/\/podkarpackalewica.pl\/wp-content\/uploads\/2025\/02\/Zrzut-ekranu-2025-02-24-o-14.47.49-1050x1536.png 1050w, https:\/\/podkarpackalewica.pl\/wp-content\/uploads\/2025\/02\/Zrzut-ekranu-2025-02-24-o-14.47.49-1400x2048.png 1400w, https:\/\/podkarpackalewica.pl\/wp-content\/uploads\/2025\/02\/Zrzut-ekranu-2025-02-24-o-14.47.49.png 1838w\" sizes=\"auto, (max-width: 700px) 100vw, 700px\" \/><\/figure>\n<\/figure>\n","protected":false},"excerpt":{"rendered":"<p>6 lutego 2025 roku kro\u015bnie\u0144skie ko\u0142o Stowarzyszenia POKOLENIA zorganizowa\u0142o uroczyste spotkanie po\u015bwi\u0119cone 120. rocznicy urodzin W\u0142adys\u0142awa Gomu\u0142ki \u2013 wa\u017cnej postaci<\/p>\n","protected":false},"author":1,"featured_media":1471,"comment_status":"open","ping_status":"open","sticky":false,"template":"","format":"standard","meta":{"colormag_page_layout":"default_layout","footnotes":""},"categories":[5,27],"tags":[],"class_list":["post-1467","post","type-post","status-publish","format-standard","has-post-thumbnail","hentry","category-dzialania-lokalne","category-ludzie-lewicy"],"_links":{"self":[{"href":"https:\/\/podkarpackalewica.pl\/index.php\/wp-json\/wp\/v2\/posts\/1467","targetHints":{"allow":["GET"]}}],"collection":[{"href":"https:\/\/podkarpackalewica.pl\/index.php\/wp-json\/wp\/v2\/posts"}],"about":[{"href":"https:\/\/podkarpackalewica.pl\/index.php\/wp-json\/wp\/v2\/types\/post"}],"author":[{"embeddable":true,"href":"https:\/\/podkarpackalewica.pl\/index.php\/wp-json\/wp\/v2\/users\/1"}],"replies":[{"embeddable":true,"href":"https:\/\/podkarpackalewica.pl\/index.php\/wp-json\/wp\/v2\/comments?post=1467"}],"version-history":[{"count":1,"href":"https:\/\/podkarpackalewica.pl\/index.php\/wp-json\/wp\/v2\/posts\/1467\/revisions"}],"predecessor-version":[{"id":1476,"href":"https:\/\/podkarpackalewica.pl\/index.php\/wp-json\/wp\/v2\/posts\/1467\/revisions\/1476"}],"wp:featuredmedia":[{"embeddable":true,"href":"https:\/\/podkarpackalewica.pl\/index.php\/wp-json\/wp\/v2\/media\/1471"}],"wp:attachment":[{"href":"https:\/\/podkarpackalewica.pl\/index.php\/wp-json\/wp\/v2\/media?parent=1467"}],"wp:term":[{"taxonomy":"category","embeddable":true,"href":"https:\/\/podkarpackalewica.pl\/index.php\/wp-json\/wp\/v2\/categories?post=1467"},{"taxonomy":"post_tag","embeddable":true,"href":"https:\/\/podkarpackalewica.pl\/index.php\/wp-json\/wp\/v2\/tags?post=1467"}],"curies":[{"name":"wp","href":"https:\/\/api.w.org\/{rel}","templated":true}]}}