{"id":1589,"date":"2025-07-16T14:07:32","date_gmt":"2025-07-16T12:07:32","guid":{"rendered":"https:\/\/podkarpackalewica.pl\/?p=1589"},"modified":"2025-07-16T14:07:32","modified_gmt":"2025-07-16T12:07:32","slug":"juz-ponad-400-tysiecy-starszych-osob-otrzymalo-rente-wdowia","status":"publish","type":"post","link":"https:\/\/podkarpackalewica.pl\/index.php\/2025\/07\/16\/juz-ponad-400-tysiecy-starszych-osob-otrzymalo-rente-wdowia\/","title":{"rendered":"Ju\u017c ponad 400 tysi\u0119cy starszych os\u00f3b otrzyma\u0142o rent\u0119 wdowi\u0105!"},"content":{"rendered":"\n<p>Za nami czwarta tura wyp\u0142at emerytur powi\u0119kszonych o dodatkowe \u015bwiadczenie. Wyp\u0142acono ju\u017c 150 milion\u00f3w z\u0142otych 420 tysi\u0105com os\u00f3b, a na konta senior\u00f3w i seniorek wp\u0142yn\u0119\u0142o \u015brednio 360 z\u0142otych wi\u0119cej! To realne wsparcie dla os\u00f3b starszych, kt\u00f3re po \u015bmierci partnera \u017cyciowego cz\u0119sto musia\u0142y zmaga\u0107 si\u0119 z trudn\u0105 sytuacj\u0105 finansow\u0105.<\/p>\n\n\n\n<p>\ud83d\udc49 Renta wdowia pozwala na zachowanie w\u0142asnego \u015bwiadczenia powi\u0119kszonego o cz\u0119\u015b\u0107 \u015bwiadczenia po zmar\u0142ym wsp\u00f3\u0142ma\u0142\u017conku lub odwrotnie \u2014 cz\u0119\u015bci swojego i ca\u0142o\u015b\u0107 ma\u0142\u017conka. Uwaga! Uprawnione osoby, kt\u00f3re z\u0142o\u017c\u0105 wniosek o wyp\u0142at\u0119 renty wdowiej do ko\u0144ca lipca otrzymaj\u0105 \u015bwiadczenie z wyr\u00f3wnaniem tak\u017ce za lipiec.<\/p>\n\n\n\n<figure class=\"wp-block-image size-large\"><img decoding=\"async\" src=\"https:\/\/podkarpackalewica.pl\/wp-content\/uploads\/2025\/07\/wyplata-renty-819x1024.jpg\" alt=\"\" class=\"wp-image-1590\"\/><\/figure>\n","protected":false},"excerpt":{"rendered":"<p>Za nami czwarta tura wyp\u0142at emerytur powi\u0119kszonych o dodatkowe \u015bwiadczenie. Wyp\u0142acono ju\u017c 150 milion\u00f3w z\u0142otych 420 tysi\u0105com os\u00f3b, a na<\/p>\n","protected":false},"author":3,"featured_media":1590,"comment_status":"open","ping_status":"open","sticky":false,"template":"","format":"standard","meta":{"colormag_page_layout":"default_layout","footnotes":""},"categories":[9],"tags":[],"class_list":["post-1589","post","type-post","status-publish","format-standard","has-post-thumbnail","hentry","category-dzialania-krajowe"],"_links":{"self":[{"href":"https:\/\/podkarpackalewica.pl\/index.php\/wp-json\/wp\/v2\/posts\/1589","targetHints":{"allow":["GET"]}}],"collection":[{"href":"https:\/\/podkarpackalewica.pl\/index.php\/wp-json\/wp\/v2\/posts"}],"about":[{"href":"https:\/\/podkarpackalewica.pl\/index.php\/wp-json\/wp\/v2\/types\/post"}],"author":[{"embeddable":true,"href":"https:\/\/podkarpackalewica.pl\/index.php\/wp-json\/wp\/v2\/users\/3"}],"replies":[{"embeddable":true,"href":"https:\/\/podkarpackalewica.pl\/index.php\/wp-json\/wp\/v2\/comments?post=1589"}],"version-history":[{"count":1,"href":"https:\/\/podkarpackalewica.pl\/index.php\/wp-json\/wp\/v2\/posts\/1589\/revisions"}],"predecessor-version":[{"id":1591,"href":"https:\/\/podkarpackalewica.pl\/index.php\/wp-json\/wp\/v2\/posts\/1589\/revisions\/1591"}],"wp:featuredmedia":[{"embeddable":true,"href":"https:\/\/podkarpackalewica.pl\/index.php\/wp-json\/wp\/v2\/media\/1590"}],"wp:attachment":[{"href":"https:\/\/podkarpackalewica.pl\/index.php\/wp-json\/wp\/v2\/media?parent=1589"}],"wp:term":[{"taxonomy":"category","embeddable":true,"href":"https:\/\/podkarpackalewica.pl\/index.php\/wp-json\/wp\/v2\/categories?post=1589"},{"taxonomy":"post_tag","embeddable":true,"href":"https:\/\/podkarpackalewica.pl\/index.php\/wp-json\/wp\/v2\/tags?post=1589"}],"curies":[{"name":"wp","href":"https:\/\/api.w.org\/{rel}","templated":true}]}}