{"id":316,"date":"2021-04-15T18:30:57","date_gmt":"2021-04-15T16:30:57","guid":{"rendered":"https:\/\/podkarpackalewica.pl\/?p=316"},"modified":"2021-04-15T18:30:57","modified_gmt":"2021-04-15T16:30:57","slug":"konferencja-prasowa-rzeszow-15-kwietnia-2021","status":"publish","type":"post","link":"https:\/\/podkarpackalewica.pl\/index.php\/2021\/04\/15\/konferencja-prasowa-rzeszow-15-kwietnia-2021\/","title":{"rendered":"Konferencja prasowa Rzesz\u00f3w 15 kwietnia 2021"},"content":{"rendered":"\n<p>W dniu dzisiejszym w siedzibie Nowej Lewicy w Rzeszowie odby\u0142a si\u0119 konferencja prasowa z udzia\u0142em Pos\u0142a na Sejm RP i Przewodnicz\u0105cego Podkarpackiej RW Nowej Lewicy Wies\u0142awa Bu\u017ca, Sekretarza Podkarpackiej RW Nowej Lewicy Gabriela Zajdla, Koordynatora Wiosny Micha\u0142a Sztuka i koordynatora M\u0142odej Lewicy Paw\u0142a Szczyg\u0142owskiego w tematach: <\/p>\n\n\n\n<p>1. Przedterminowych wybor\u00f3w Prezydenckich w Rzeszowie, <\/p>\n\n\n\n<p>2. Pakietu uwag Lewicy do Krajowego Planu Odbudowy, <\/p>\n\n\n\n<p>3. W\u0105tpliwo\u015bci zwi\u0105zanych z trybem przyznawania \u015brodk\u00f3w finansowych z Europejskiego Funduszu Rozwoju Regionalnego projekt\u00f3w w procedurze konkursowej ze \u015brodk\u00f3w Europejskiego Funduszu Rozwoju Regionalnego w ramach Regionalnego Programu Operacyjnego Wojew\u00f3dztwa Podkarpackiego na lata 2014-2020, O\u015b priorytetowa III Czysta Energia, Dzia\u0142anie 3.1.Rozw\u00f3j OZE &#8211; RPPK.03.01.00-IZ.00-18-002\/16.<\/p>\n\n\n\n<p>Budz\u0105c\u0105 w\u0105tpliwo\u015bci kwesti\u0105 jest otrzymanie dotacji przez nowo utworzone podmioty gospodarcze tzw. \u201esp\u00f3\u0142ki parafialne\u201d, w kt\u00f3rych po\u015brednim udzia\u0142owcem jest sp\u00f3\u0142ka SIE\u0106 PARK\u00d3W ENERGII S\u0141ONECZNEJ sp. z o.o. W wyniku przeprowadzonego konkursu ponad 50 % beneficjent\u00f3w stanowi\u0105 sp\u00f3\u0142ki parafialne, kt\u00f3re otrzyma\u0142y dofinansowanie w wysoko\u015bci przesz\u0142o 40 mln z\u0142otych. Niepok\u00f3j budzi tak\u017ce brak stosownego oznaczenia realizowanych projekt\u00f3w finansowanych ze \u015brodk\u00f3w unijnych. Warto zwr\u00f3ci\u0107 uwag\u0119 tak\u017ce na kryteria dotycz\u0105ce wyboru beneficjent\u00f3w zwi\u0105zane chocia\u017cby ze sposobem wykorzystania przedmiotowej instalacji fotowoltaicznej. Zwa\u017cywszy na powsta\u0142e w\u0105tpliwo\u015bci, a w szczeg\u00f3lno\u015bci liczne powi\u0105zania pomi\u0119dzy beneficjentami Pose\u0142 w dniu jutrzejszym prze\u015ble do Najwy\u017cszej Izby Kontroli wniosek o przeprowadzenie kontroli sposobu przeprowadzenia ww. konkursu oraz z\u0142o\u017cy zawiadomienie o mo\u017cliwo\u015bci pope\u0142nienia przest\u0119pstwa do Prokuratury Okr\u0119gowej w Rzeszowie.<\/p>\n\n\n\n<div class=\"wp-block-image\"><figure class=\"aligncenter size-large\"><img loading=\"lazy\" decoding=\"async\" width=\"768\" height=\"1024\" src=\"https:\/\/podkarpackalewica.pl\/wp-content\/uploads\/2021\/04\/Konferencja-Lewcia-Rzeszo\u0301w-15-kwietnia-2-768x1024.jpeg\" alt=\"\" class=\"wp-image-317\" srcset=\"https:\/\/podkarpackalewica.pl\/wp-content\/uploads\/2021\/04\/Konferencja-Lewcia-Rzeszo\u0301w-15-kwietnia-2-768x1024.jpeg 768w, https:\/\/podkarpackalewica.pl\/wp-content\/uploads\/2021\/04\/Konferencja-Lewcia-Rzeszo\u0301w-15-kwietnia-2-225x300.jpeg 225w, https:\/\/podkarpackalewica.pl\/wp-content\/uploads\/2021\/04\/Konferencja-Lewcia-Rzeszo\u0301w-15-kwietnia-2-1152x1536.jpeg 1152w, https:\/\/podkarpackalewica.pl\/wp-content\/uploads\/2021\/04\/Konferencja-Lewcia-Rzeszo\u0301w-15-kwietnia-2.jpeg 1536w\" sizes=\"auto, (max-width: 768px) 100vw, 768px\" \/><\/figure><\/div>\n","protected":false},"excerpt":{"rendered":"<p>W dniu dzisiejszym w siedzibie Nowej Lewicy w Rzeszowie odby\u0142a si\u0119 konferencja prasowa z udzia\u0142em Pos\u0142a na Sejm RP i<\/p>\n","protected":false},"author":1,"featured_media":318,"comment_status":"open","ping_status":"open","sticky":false,"template":"","format":"standard","meta":{"colormag_page_layout":"default_layout","footnotes":""},"categories":[5],"tags":[],"class_list":["post-316","post","type-post","status-publish","format-standard","has-post-thumbnail","hentry","category-dzialania-lokalne"],"_links":{"self":[{"href":"https:\/\/podkarpackalewica.pl\/index.php\/wp-json\/wp\/v2\/posts\/316","targetHints":{"allow":["GET"]}}],"collection":[{"href":"https:\/\/podkarpackalewica.pl\/index.php\/wp-json\/wp\/v2\/posts"}],"about":[{"href":"https:\/\/podkarpackalewica.pl\/index.php\/wp-json\/wp\/v2\/types\/post"}],"author":[{"embeddable":true,"href":"https:\/\/podkarpackalewica.pl\/index.php\/wp-json\/wp\/v2\/users\/1"}],"replies":[{"embeddable":true,"href":"https:\/\/podkarpackalewica.pl\/index.php\/wp-json\/wp\/v2\/comments?post=316"}],"version-history":[{"count":1,"href":"https:\/\/podkarpackalewica.pl\/index.php\/wp-json\/wp\/v2\/posts\/316\/revisions"}],"predecessor-version":[{"id":319,"href":"https:\/\/podkarpackalewica.pl\/index.php\/wp-json\/wp\/v2\/posts\/316\/revisions\/319"}],"wp:featuredmedia":[{"embeddable":true,"href":"https:\/\/podkarpackalewica.pl\/index.php\/wp-json\/wp\/v2\/media\/318"}],"wp:attachment":[{"href":"https:\/\/podkarpackalewica.pl\/index.php\/wp-json\/wp\/v2\/media?parent=316"}],"wp:term":[{"taxonomy":"category","embeddable":true,"href":"https:\/\/podkarpackalewica.pl\/index.php\/wp-json\/wp\/v2\/categories?post=316"},{"taxonomy":"post_tag","embeddable":true,"href":"https:\/\/podkarpackalewica.pl\/index.php\/wp-json\/wp\/v2\/tags?post=316"}],"curies":[{"name":"wp","href":"https:\/\/api.w.org\/{rel}","templated":true}]}}