{"id":786,"date":"2022-08-25T09:18:55","date_gmt":"2022-08-25T07:18:55","guid":{"rendered":"https:\/\/podkarpackalewica.pl\/?p=786"},"modified":"2022-08-25T09:18:56","modified_gmt":"2022-08-25T07:18:56","slug":"uchwala-podkarpackiej-rady-wojewodzkiej-nowej-lewicy-w-sprawie-apelu-o-wykluczenie-z-podkarpackich-szkol-podrecznika-do-przedmiotu-historia-i-terazniejszosc-napisanego-przez-prof-roszkowskiego","status":"publish","type":"post","link":"https:\/\/podkarpackalewica.pl\/index.php\/2022\/08\/25\/uchwala-podkarpackiej-rady-wojewodzkiej-nowej-lewicy-w-sprawie-apelu-o-wykluczenie-z-podkarpackich-szkol-podrecznika-do-przedmiotu-historia-i-terazniejszosc-napisanego-przez-prof-roszkowskiego\/","title":{"rendered":"Uchwa\u0142a Podkarpackiej Rady Wojew\u00f3dzkiej Nowej Lewicy w sprawie apelu o wykluczenie z podkarpackich szk\u00f3\u0142 podr\u0119cznika do przedmiotu Historia i Tera\u017aniejszo\u015b\u0107 napisanego przez prof. Roszkowskiego"},"content":{"rendered":"\n<p>We wrze\u015bniu w polskich szko\u0142ach ponadpodstawowych pojawi si\u0119 nowy przedmiot \u2013 \u201eHistoria i Tera\u017aniejszo\u015b\u0107\u201d, kt\u00f3ry od pocz\u0105tku wzbudza\u0142 nieufno\u015b\u0107. Specjali\u015bci ostrzegali, \u017ce nowy pomys\u0142 na edukacj\u0119 obywatelsk\u0105 ministra Przemys\u0142awa Czarnka realizowany przez Ministerstwo Edukacji i Nauki b\u0119dzie narz\u0119dziem propagandowym partii rz\u0105dz\u0105cej, s\u0142u\u017c\u0105cym do indoktrynacji i forsowania ideologii prawicowych. Obawy te potwierdzi\u0142y si\u0119 wraz z pojawieniem si\u0119 pierwszego podr\u0119cznika do nauki tego przedmiotu, autorstwa prof. Wojciecha Roszkowskiego.<\/p>\n\n\n\n<p>Ksi\u0105\u017cka nie jest pomoc\u0105 naukow\u0105, a propagandow\u0105 broszur\u0105, kt\u00f3ra nachalnie narzuca \u015bwiat warto\u015bci oraz spos\u00f3b postrzegania rzeczywisto\u015bci bliski pogl\u0105dom partii rz\u0105dz\u0105cej. Zamiast obiektywnej, rzetelnej i naukowej wiedzy, publikacja opiera si\u0119 na subiektywnych opiniach autora o wydarzeniach i zjawiskach z najnowszej historii Polski i \u015bwiata, przedstawiaj\u0105c ich zniekszta\u0142cony i w wielu przypadkach fa\u0142szywy obraz. Ksi\u0105\u017cka stanowi zapis fobii i strach\u00f3w polskiej prawicy, opisuj\u0105c j\u0119zykiem nienawi\u015bci takie tematy jak liberalizm, lewicowo\u015b\u0107, ateizm, ekologia, feminizm, czy in vitro, okre\u015blane w ksi\u0105\u017cce jako \u201ehodowla\u201d i \u201eprodukowanie\u201d dzieci. Publikacja uczy nienawi\u015bci do os\u00f3b o innych pogl\u0105dach i m\u00f3wi o tym, \u017ce mo\u017cna wyklucza\u0107 ze spo\u0142ecze\u0144stwa milionowe grupy obywateli.<\/p>\n\n\n\n<p>Podr\u0119cznik do przedmiotu \u201eHistoria i Tera\u017aniejszo\u015b\u0107\u201d to ksi\u0105\u017cka, kt\u00f3ra ma chroni\u0107 m\u0142odzie\u017c przed \u201ewsp\u00f3\u0142czesnym \u015bwiatem\u201d.&nbsp;<\/p>\n\n\n\n<p>Roszkowski pisze o hodowaniu i produkowaniu dzieci w laboratorium, tymczasem swoj\u0105 ksi\u0105\u017ck\u0105 pragnie wyprodukowa\u0107 nowe pokolenia wyborc\u00f3w PiS, w duchu ideologii polskiej prawicy i Ko\u015bcio\u0142a Katolickiego.<\/p>\n\n\n\n<p>Podkarpacka Nowa Lewica stanowczo sprzeciwia si\u0119 wykorzystaniu przedmiotu \u201eHistoria i Tera\u017aniejszo\u015b\u0107\u201d jako narz\u0119dzia propagandowego partii rz\u0105dz\u0105cej, kt\u00f3re s\u0142u\u017cy\u0107 mo\u017ce indoktrynacji m\u0142odzie\u017cy. Szko\u0142a powinna wspiera\u0107 rozw\u00f3j i indywidualno\u015b\u0107 uczni\u00f3w, zapewnia\u0107 rzeteln\u0105 edukacj\u0119 opart\u0105 na obiektywnej wiedzy oraz bezpiecze\u0144stwo i neutralno\u015b\u0107 \u015bwiatopogl\u0105dow\u0105. Tak jak miejscem nauczania religii powinien by\u0107 ko\u015bci\u00f3\u0142, tak miejscem przekazywania m\u0142odym ludziom partyjnej ideologii i propagandy oraz wykuwania nowych kadr<br>czy kszta\u0142towania m\u0142odych wyborc\u00f3w mog\u0105 by\u0107 wy\u0142\u0105cznie partyjne m\u0142odzie\u017c\u00f3wki. &nbsp;<\/p>\n\n\n\n<p>Dlatego apelujemy do podkarpackich samorz\u0105dowc\u00f3w, podleg\u0142ych im w\u0142adz szkolnych oraz do samych nauczycieli szk\u00f3\u0142 ponadpodstawowych by nauczanie przedmiotu \u201eHistoria i Tera\u017aniejszo\u015b\u0107\u201d by\u0142o oparte na programie, kt\u00f3ry przeka\u017ce uczniom rzeteln\u0105 wiedz\u0119 bez narzucania \u201ejedynie s\u0142usznej\u201d ideologii. Podstawa programowa nie wymaga wykorzystania ksi\u0105\u017cki prof. Roszkowskiego, stanowi\u0105cej publicystyczny materia\u0142 propagandowy, szkodliwy dla procesu edukacji i rozwoju m\u0142odzie\u017cy. &nbsp;<\/p>\n\n\n\n<p>Prawo i Sprawiedliwo\u015b\u0107 zawsze broni\u0142o roli rodzic\u00f3w w procesie wychowawczym, m\u00f3wi\u0142o, \u017ce tylko rodzice maj\u0105 prawo decydowa\u0107 o tym, jak\u0105 \u015bcie\u017ck\u0105 pod\u0105\u017c\u0105 ich dzieci.&nbsp;<\/p>\n\n\n\n<p>Dlatego, apelujemy!&nbsp;<\/p>\n\n\n\n<p>Rodzice &#8211; korzystajcie ze swoich praw, kiedy wasze dzieci b\u0119d\u0105 rozpoczyna\u0142y rok szkolny i id\u017acie do dyrektor\u00f3w szk\u00f3\u0142 oraz do nauczycieli aby sprzeciwi\u0107 si\u0119 indoktrynacji dzieci!&nbsp;<\/p>\n\n\n\n<p>Z\u0142e podr\u0119czniki kalecz\u0105 dusze uczni\u00f3w, rani\u0105 ich wra\u017cliwo\u015b\u0107, niszcz\u0105 sk\u0142onno\u015b\u0107 do dobra, a ksi\u0105\u017cka prof. Roszkowskiego zalicza si\u0119 w\u0142a\u015bnie do z\u0142ych podr\u0119cznik\u00f3w.&nbsp;<\/p>\n\n\n\n<p>Sekretarz RW Podkarpackiej Nowej Lewicy&nbsp; &nbsp; &nbsp; &nbsp; &nbsp; &nbsp; &nbsp; &nbsp; &nbsp; &nbsp; Wsp\u00f3\u0142przewodnicz\u0105cy Podkarpackiej Nowej Lewicy<\/p>\n\n\n\n<p>Gabriel Zajdel \u00a0 \u00a0 \u00a0 \u00a0 \u00a0 \u00a0 \u00a0 \u00a0 \u00a0 \u00a0 \u00a0 \u00a0 \u00a0 \u00a0 \u00a0 \u00a0 \u00a0 \u00a0 \u00a0 \u00a0 \u00a0 \u00a0 \u00a0 \u00a0 \u00a0 \u00a0 \u00a0 \u00a0 \u00a0 \u00a0 \u00a0 \u00a0 \u00a0 \u00a0 \u00a0 \u00a0 Wies\u0142aw Bu\u017c\u00a0 \u00a0 \u00a0 \u00a0 \u00a0 \u00a0 \u00a0 \u00a0 \u00a0 \u00a0 \u00a0 \u00a0 \u00a0 \u00a0 \u00a0 \u00a0 \u00a0 \u00a0 \u00a0 \u00a0 \u00a0 \u00a0 Micha\u0142 Sztuk<\/p>\n\n\n\n<p><\/p>\n\n\n\n<div class=\"wp-block-file\"><a id=\"wp-block-file--media-f18bb771-f11f-4949-bce9-8631a904fb1c\" href=\"https:\/\/podkarpackalewica.pl\/wp-content\/uploads\/2022\/08\/Uchwala-Rady-Wojewo\u0301dzkiej-NL-w-sprawie-przedmiotu-Historia-i-Teraz\u0301niejszos\u0301c\u0301.pdf\">Uchwa\u0142a Rady Wojewo\u0301dzkiej NL w sprawie przedmiotu Historia i Teraz\u0301niejszos\u0301c\u0301<\/a><a href=\"https:\/\/podkarpackalewica.pl\/wp-content\/uploads\/2022\/08\/Uchwala-Rady-Wojewo\u0301dzkiej-NL-w-sprawie-przedmiotu-Historia-i-Teraz\u0301niejszos\u0301c\u0301.pdf\" class=\"wp-block-file__button\" download aria-describedby=\"wp-block-file--media-f18bb771-f11f-4949-bce9-8631a904fb1c\">Pobierz<\/a><\/div>\n","protected":false},"excerpt":{"rendered":"<p>We wrze\u015bniu w polskich szko\u0142ach ponadpodstawowych pojawi si\u0119 nowy przedmiot \u2013 \u201eHistoria i Tera\u017aniejszo\u015b\u0107\u201d, kt\u00f3ry od pocz\u0105tku wzbudza\u0142 nieufno\u015b\u0107. Specjali\u015bci<\/p>\n","protected":false},"author":1,"featured_media":696,"comment_status":"open","ping_status":"open","sticky":false,"template":"","format":"standard","meta":{"colormag_page_layout":"default_layout","footnotes":""},"categories":[9,5],"tags":[],"class_list":["post-786","post","type-post","status-publish","format-standard","has-post-thumbnail","hentry","category-dzialania-krajowe","category-dzialania-lokalne"],"_links":{"self":[{"href":"https:\/\/podkarpackalewica.pl\/index.php\/wp-json\/wp\/v2\/posts\/786","targetHints":{"allow":["GET"]}}],"collection":[{"href":"https:\/\/podkarpackalewica.pl\/index.php\/wp-json\/wp\/v2\/posts"}],"about":[{"href":"https:\/\/podkarpackalewica.pl\/index.php\/wp-json\/wp\/v2\/types\/post"}],"author":[{"embeddable":true,"href":"https:\/\/podkarpackalewica.pl\/index.php\/wp-json\/wp\/v2\/users\/1"}],"replies":[{"embeddable":true,"href":"https:\/\/podkarpackalewica.pl\/index.php\/wp-json\/wp\/v2\/comments?post=786"}],"version-history":[{"count":1,"href":"https:\/\/podkarpackalewica.pl\/index.php\/wp-json\/wp\/v2\/posts\/786\/revisions"}],"predecessor-version":[{"id":788,"href":"https:\/\/podkarpackalewica.pl\/index.php\/wp-json\/wp\/v2\/posts\/786\/revisions\/788"}],"wp:featuredmedia":[{"embeddable":true,"href":"https:\/\/podkarpackalewica.pl\/index.php\/wp-json\/wp\/v2\/media\/696"}],"wp:attachment":[{"href":"https:\/\/podkarpackalewica.pl\/index.php\/wp-json\/wp\/v2\/media?parent=786"}],"wp:term":[{"taxonomy":"category","embeddable":true,"href":"https:\/\/podkarpackalewica.pl\/index.php\/wp-json\/wp\/v2\/categories?post=786"},{"taxonomy":"post_tag","embeddable":true,"href":"https:\/\/podkarpackalewica.pl\/index.php\/wp-json\/wp\/v2\/tags?post=786"}],"curies":[{"name":"wp","href":"https:\/\/api.w.org\/{rel}","templated":true}]}}