{"id":941,"date":"2023-05-21T20:50:00","date_gmt":"2023-05-21T18:50:00","guid":{"rendered":"https:\/\/podkarpackalewica.pl\/?p=941"},"modified":"2023-05-22T07:50:38","modified_gmt":"2023-05-22T05:50:38","slug":"kongres-podkarpackiej-nowej-lewicy","status":"publish","type":"post","link":"https:\/\/podkarpackalewica.pl\/index.php\/2023\/05\/21\/kongres-podkarpackiej-nowej-lewicy\/","title":{"rendered":"Kongres Podkarpackiej Nowej Lewicy"},"content":{"rendered":"\n<p>21 maja 2023 odby\u0142 si\u0119 Kongres Podkarpackiej Nowej Lewicy z udzia\u0142em Sekretarza Generalnego Nowej Lewicy Marcina Kulaska i Sekretarza Klubu Parlamnetarnego NL Dariusza Wieczorka. <\/p>\n\n\n\n<p>Delegaci z ca\u0142ego wojew\u00f3dztwa rozmawiali o programie na jesienne wybory parlamentarne. Ten og\u00f3lnopolski zostanie bowiem uzupe\u0142niony tak\u017ce o sprawy wa\u017cne dla lokalnych spo\u0142eczno\u015bci z naszego regionu. Dotycz\u0105 one mi\u0119dzy innymi s\u0142u\u017cby zdrowia, edukacji oraz transportu publicznego.<\/p>\n\n\n\n<p>Podczas konferencji poprzedzaj\u0105cej kongres, dzia\u0142acze Lewicy m\u00f3wili mi\u0119dzy innymi o ogromnym wzro\u015bcie cen energii oraz inflacji, kt\u00f3ra z\u017cera zarobki i oszcz\u0119dno\u015bci Polak\u00f3w. Ich zdaniem, to nie wina wojny na Ukrainie, ale Narodowego Banku Polskiego oraz rz\u0105du. Lewic\u0119 niepokoi tak\u017ce sytuacja w polskiej armii.<br>Dzia\u0142acze Lewicy poinformowali, \u017ce spotykaj\u0105 si\u0119 z mieszka\u0144cami wielu miejscowo\u015bci w Polsce, \u017ceby nie tylko rozmawia\u0107 o ich problemach, ale przedstawia\u0107 tak\u017ce swoje propozycje. To na przyk\u0142ad program &#8222;Bezpieczny senior&#8221; zak\u0142adaj\u0105cy dodatkow\u0105 waloryzacj\u0119 rent i emerytur, leki dla senior\u00f3w za 5 z\u0142otych oraz tak zwan\u0105 rent\u0119 wdowi\u0105. Lewica przygotowuje program na jesienne wybory parlamentarne. Opr\u00f3cz propozycji og\u00f3lnopolskich, w ka\u017cdym regionie b\u0119d\u0105 tak\u017ce te wa\u017cne dla lokalnych spo\u0142eczno\u015bci. O szczeg\u00f3\u0142ach rozmawiano podczas dzisiejszego Kongresu Nowej Lewicy, w kt\u00f3rym uczestniczyli przedstawiciele partii z ca\u0142ego regionu.<br>W\u015br\u00f3d najwa\u017cniejszych spraw dla podkarpackiej Lewicy jest mi\u0119dzy innymi utworzenie nowych oddzia\u0142\u00f3w geriatrycznych oraz drugiego w regionie oddzia\u0142u psychiatrii dzieci\u0119cej, a tak\u017ce walka z wykluczeniem komunikacyjnym mieszka\u0144c\u00f3w mniejszych miejscowo\u015bci oraz zakup dla wszystkich uczni\u00f3w tablet\u00f3w, w kt\u00f3rych b\u0119d\u0105 mogli korzysta\u0107 z elektrycznych wersji podr\u0119cznik\u00f3w.<\/p>\n\n\n\n<p>Opr\u00f3cz rozm\u00f3w programowych, Kongres mia\u0142 za zadanie dokonanie wybor\u00f3w uzupe\u0142niaj\u0105cych cz\u0142onk\u00f3w Rady Wojew\u00f3dzkiej NL.<\/p>\n\n\n\n<p><\/p>\n\n\n\n<figure class=\"wp-block-gallery has-nested-images columns-default is-cropped wp-block-gallery-1 is-layout-flex wp-block-gallery-is-layout-flex\">\n<figure class=\"wp-block-image size-large\"><img loading=\"lazy\" decoding=\"async\" width=\"1024\" height=\"768\" data-id=\"942\" src=\"https:\/\/podkarpackalewica.pl\/wp-content\/uploads\/2023\/05\/348355243_638573974787534_6950752811164685800_n.jpg\" alt=\"\" class=\"wp-image-942\" srcset=\"https:\/\/podkarpackalewica.pl\/wp-content\/uploads\/2023\/05\/348355243_638573974787534_6950752811164685800_n.jpg 1024w, https:\/\/podkarpackalewica.pl\/wp-content\/uploads\/2023\/05\/348355243_638573974787534_6950752811164685800_n-300x225.jpg 300w, https:\/\/podkarpackalewica.pl\/wp-content\/uploads\/2023\/05\/348355243_638573974787534_6950752811164685800_n-768x576.jpg 768w\" sizes=\"auto, (max-width: 1024px) 100vw, 1024px\" \/><\/figure>\n\n\n\n<figure class=\"wp-block-image size-large\"><img loading=\"lazy\" decoding=\"async\" width=\"1024\" height=\"768\" data-id=\"943\" src=\"https:\/\/podkarpackalewica.pl\/wp-content\/uploads\/2023\/05\/348361332_168739836158585_1811213943741503337_n-1024x768.jpg\" alt=\"\" class=\"wp-image-943\" srcset=\"https:\/\/podkarpackalewica.pl\/wp-content\/uploads\/2023\/05\/348361332_168739836158585_1811213943741503337_n-1024x768.jpg 1024w, https:\/\/podkarpackalewica.pl\/wp-content\/uploads\/2023\/05\/348361332_168739836158585_1811213943741503337_n-300x225.jpg 300w, https:\/\/podkarpackalewica.pl\/wp-content\/uploads\/2023\/05\/348361332_168739836158585_1811213943741503337_n-768x576.jpg 768w, https:\/\/podkarpackalewica.pl\/wp-content\/uploads\/2023\/05\/348361332_168739836158585_1811213943741503337_n-1536x1152.jpg 1536w, https:\/\/podkarpackalewica.pl\/wp-content\/uploads\/2023\/05\/348361332_168739836158585_1811213943741503337_n.jpg 2016w\" sizes=\"auto, (max-width: 1024px) 100vw, 1024px\" \/><\/figure>\n\n\n\n<figure class=\"wp-block-image size-large\"><img loading=\"lazy\" decoding=\"async\" width=\"768\" height=\"465\" data-id=\"944\" src=\"https:\/\/podkarpackalewica.pl\/wp-content\/uploads\/2023\/05\/5bcb07b3c094f26125a03fbb0e8d105d_w768_h465_cp-1.jpg\" alt=\"\" class=\"wp-image-944\" srcset=\"https:\/\/podkarpackalewica.pl\/wp-content\/uploads\/2023\/05\/5bcb07b3c094f26125a03fbb0e8d105d_w768_h465_cp-1.jpg 768w, https:\/\/podkarpackalewica.pl\/wp-content\/uploads\/2023\/05\/5bcb07b3c094f26125a03fbb0e8d105d_w768_h465_cp-1-300x182.jpg 300w\" sizes=\"auto, (max-width: 768px) 100vw, 768px\" \/><\/figure>\n\n\n\n<figure class=\"wp-block-image size-large\"><img loading=\"lazy\" decoding=\"async\" width=\"1024\" height=\"768\" data-id=\"945\" src=\"https:\/\/podkarpackalewica.pl\/wp-content\/uploads\/2023\/05\/IMG_3105-1024x768.jpeg\" alt=\"\" class=\"wp-image-945\" srcset=\"https:\/\/podkarpackalewica.pl\/wp-content\/uploads\/2023\/05\/IMG_3105-1024x768.jpeg 1024w, https:\/\/podkarpackalewica.pl\/wp-content\/uploads\/2023\/05\/IMG_3105-300x225.jpeg 300w, https:\/\/podkarpackalewica.pl\/wp-content\/uploads\/2023\/05\/IMG_3105-768x576.jpeg 768w, https:\/\/podkarpackalewica.pl\/wp-content\/uploads\/2023\/05\/IMG_3105-1536x1152.jpeg 1536w, https:\/\/podkarpackalewica.pl\/wp-content\/uploads\/2023\/05\/IMG_3105-2048x1536.jpeg 2048w\" sizes=\"auto, (max-width: 1024px) 100vw, 1024px\" \/><\/figure>\n\n\n\n<figure class=\"wp-block-image size-large\"><img loading=\"lazy\" decoding=\"async\" width=\"1024\" height=\"768\" data-id=\"946\" src=\"https:\/\/podkarpackalewica.pl\/wp-content\/uploads\/2023\/05\/IMG_3097-1024x768.jpeg\" alt=\"\" class=\"wp-image-946\" srcset=\"https:\/\/podkarpackalewica.pl\/wp-content\/uploads\/2023\/05\/IMG_3097-1024x768.jpeg 1024w, https:\/\/podkarpackalewica.pl\/wp-content\/uploads\/2023\/05\/IMG_3097-300x225.jpeg 300w, https:\/\/podkarpackalewica.pl\/wp-content\/uploads\/2023\/05\/IMG_3097-768x576.jpeg 768w, https:\/\/podkarpackalewica.pl\/wp-content\/uploads\/2023\/05\/IMG_3097-1536x1152.jpeg 1536w, https:\/\/podkarpackalewica.pl\/wp-content\/uploads\/2023\/05\/IMG_3097-2048x1536.jpeg 2048w\" sizes=\"auto, (max-width: 1024px) 100vw, 1024px\" \/><\/figure>\n\n\n\n<figure class=\"wp-block-image size-large\"><img loading=\"lazy\" decoding=\"async\" width=\"1024\" height=\"768\" data-id=\"948\" src=\"https:\/\/podkarpackalewica.pl\/wp-content\/uploads\/2023\/05\/IMG_3111-1024x768.jpeg\" alt=\"\" class=\"wp-image-948\" srcset=\"https:\/\/podkarpackalewica.pl\/wp-content\/uploads\/2023\/05\/IMG_3111-1024x768.jpeg 1024w, https:\/\/podkarpackalewica.pl\/wp-content\/uploads\/2023\/05\/IMG_3111-300x225.jpeg 300w, https:\/\/podkarpackalewica.pl\/wp-content\/uploads\/2023\/05\/IMG_3111-768x576.jpeg 768w, https:\/\/podkarpackalewica.pl\/wp-content\/uploads\/2023\/05\/IMG_3111-1536x1152.jpeg 1536w, https:\/\/podkarpackalewica.pl\/wp-content\/uploads\/2023\/05\/IMG_3111-2048x1536.jpeg 2048w\" sizes=\"auto, (max-width: 1024px) 100vw, 1024px\" \/><\/figure>\n\n\n\n<figure class=\"wp-block-image size-large\"><img loading=\"lazy\" decoding=\"async\" width=\"1024\" height=\"768\" data-id=\"949\" src=\"https:\/\/podkarpackalewica.pl\/wp-content\/uploads\/2023\/05\/IMG_3115-1024x768.jpeg\" alt=\"\" class=\"wp-image-949\" srcset=\"https:\/\/podkarpackalewica.pl\/wp-content\/uploads\/2023\/05\/IMG_3115-1024x768.jpeg 1024w, https:\/\/podkarpackalewica.pl\/wp-content\/uploads\/2023\/05\/IMG_3115-300x225.jpeg 300w, https:\/\/podkarpackalewica.pl\/wp-content\/uploads\/2023\/05\/IMG_3115-768x576.jpeg 768w, https:\/\/podkarpackalewica.pl\/wp-content\/uploads\/2023\/05\/IMG_3115-1536x1152.jpeg 1536w, https:\/\/podkarpackalewica.pl\/wp-content\/uploads\/2023\/05\/IMG_3115-2048x1536.jpeg 2048w\" sizes=\"auto, (max-width: 1024px) 100vw, 1024px\" \/><\/figure>\n\n\n\n<figure class=\"wp-block-image size-large\"><img loading=\"lazy\" decoding=\"async\" width=\"1024\" height=\"768\" data-id=\"950\" src=\"https:\/\/podkarpackalewica.pl\/wp-content\/uploads\/2023\/05\/IMG_3116-1024x768.jpeg\" alt=\"\" class=\"wp-image-950\" srcset=\"https:\/\/podkarpackalewica.pl\/wp-content\/uploads\/2023\/05\/IMG_3116-1024x768.jpeg 1024w, https:\/\/podkarpackalewica.pl\/wp-content\/uploads\/2023\/05\/IMG_3116-300x225.jpeg 300w, https:\/\/podkarpackalewica.pl\/wp-content\/uploads\/2023\/05\/IMG_3116-768x576.jpeg 768w, https:\/\/podkarpackalewica.pl\/wp-content\/uploads\/2023\/05\/IMG_3116-1536x1152.jpeg 1536w, https:\/\/podkarpackalewica.pl\/wp-content\/uploads\/2023\/05\/IMG_3116-2048x1536.jpeg 2048w\" sizes=\"auto, (max-width: 1024px) 100vw, 1024px\" \/><\/figure>\n\n\n\n<figure class=\"wp-block-image size-large\"><img loading=\"lazy\" decoding=\"async\" width=\"1024\" height=\"768\" data-id=\"951\" src=\"https:\/\/podkarpackalewica.pl\/wp-content\/uploads\/2023\/05\/IMG_3114-1024x768.jpeg\" alt=\"\" class=\"wp-image-951\" srcset=\"https:\/\/podkarpackalewica.pl\/wp-content\/uploads\/2023\/05\/IMG_3114-1024x768.jpeg 1024w, https:\/\/podkarpackalewica.pl\/wp-content\/uploads\/2023\/05\/IMG_3114-300x225.jpeg 300w, https:\/\/podkarpackalewica.pl\/wp-content\/uploads\/2023\/05\/IMG_3114-768x576.jpeg 768w, https:\/\/podkarpackalewica.pl\/wp-content\/uploads\/2023\/05\/IMG_3114-1536x1152.jpeg 1536w, https:\/\/podkarpackalewica.pl\/wp-content\/uploads\/2023\/05\/IMG_3114-2048x1536.jpeg 2048w\" sizes=\"auto, (max-width: 1024px) 100vw, 1024px\" \/><\/figure>\n<\/figure>\n","protected":false},"excerpt":{"rendered":"<p>21 maja 2023 odby\u0142 si\u0119 Kongres Podkarpackiej Nowej Lewicy z udzia\u0142em Sekretarza Generalnego Nowej Lewicy Marcina Kulaska i Sekretarza Klubu<\/p>\n","protected":false},"author":1,"featured_media":947,"comment_status":"open","ping_status":"open","sticky":false,"template":"","format":"standard","meta":{"colormag_page_layout":"default_layout","footnotes":""},"categories":[5],"tags":[],"class_list":["post-941","post","type-post","status-publish","format-standard","has-post-thumbnail","hentry","category-dzialania-lokalne"],"_links":{"self":[{"href":"https:\/\/podkarpackalewica.pl\/index.php\/wp-json\/wp\/v2\/posts\/941","targetHints":{"allow":["GET"]}}],"collection":[{"href":"https:\/\/podkarpackalewica.pl\/index.php\/wp-json\/wp\/v2\/posts"}],"about":[{"href":"https:\/\/podkarpackalewica.pl\/index.php\/wp-json\/wp\/v2\/types\/post"}],"author":[{"embeddable":true,"href":"https:\/\/podkarpackalewica.pl\/index.php\/wp-json\/wp\/v2\/users\/1"}],"replies":[{"embeddable":true,"href":"https:\/\/podkarpackalewica.pl\/index.php\/wp-json\/wp\/v2\/comments?post=941"}],"version-history":[{"count":2,"href":"https:\/\/podkarpackalewica.pl\/index.php\/wp-json\/wp\/v2\/posts\/941\/revisions"}],"predecessor-version":[{"id":955,"href":"https:\/\/podkarpackalewica.pl\/index.php\/wp-json\/wp\/v2\/posts\/941\/revisions\/955"}],"wp:featuredmedia":[{"embeddable":true,"href":"https:\/\/podkarpackalewica.pl\/index.php\/wp-json\/wp\/v2\/media\/947"}],"wp:attachment":[{"href":"https:\/\/podkarpackalewica.pl\/index.php\/wp-json\/wp\/v2\/media?parent=941"}],"wp:term":[{"taxonomy":"category","embeddable":true,"href":"https:\/\/podkarpackalewica.pl\/index.php\/wp-json\/wp\/v2\/categories?post=941"},{"taxonomy":"post_tag","embeddable":true,"href":"https:\/\/podkarpackalewica.pl\/index.php\/wp-json\/wp\/v2\/tags?post=941"}],"curies":[{"name":"wp","href":"https:\/\/api.w.org\/{rel}","templated":true}]}}